{"id":4891,"date":"2017-10-10T11:41:48","date_gmt":"2017-10-10T09:41:48","guid":{"rendered":"https:\/\/rafalsonik.pl\/en\/?p=4891"},"modified":"2017-10-18T11:43:25","modified_gmt":"2017-10-18T09:43:25","slug":"rafal-sonik-podium-world-cup-series-eighth-time","status":"publish","type":"post","link":"https:\/\/rafalsonik.pl\/en\/rally\/rafal-sonik-podium-world-cup-series-eighth-time\/","title":{"rendered":"Rafa\u0142 Sonik on the podium of the World Cup series for the eighth time"},"content":{"rendered":"<p><strong>On the last day of the OiLibya Rally, Rafa\u0142 Sonik jumped onto the third step on the podium and as such, sealed his \u201csilver\u201d result in this year\u2019s World Cup series. \u2018Sure, as any other ambitious sportsman, I was aiming for the gold medal and the seventh trophy in my career, but as I look back at what I lived through this season, I\u2019m satisfied. The eight place on the podium in the career is just as good as a win. <\/strong><\/p>\n<p>The last stage of rivalry in the Sahara was to decide both on the fate of the rally and on the final order in the World Cup general classification. \u2018There was only a slight chance that anything changes in the classification, but the fight continues until the very end. In Qatar, when I was moving like a snail through the desert, with a broken axle, I was convinced that Alexis Hernandez took away my win. But he also experienced a serious equipment failure and I won. Had I given up, I wouldn\u2019t have worked my way up to the podium in the general classification,\u2019 emphasized Sonik.<\/p>\n<p>Unfortunately, the Qatar scenario did not repeat itself in Morocco. The win in the last stage went too Kees Koolen, who threw Sebastien Souday off the first place at the last moment. The Dutch rider won OiLibya Rally and won the first World Cup trophy in his career.<\/p>\n<p>\u2018Kees Koolen drives a phenomenal quad that was developed by him and his team for the past several years. This season proved that even though his quad has better parameters and can do more, I\u2019m still able to compete with him. I just need to be sound in body. Unfortunately, I had to deal with a knee injury in South America, and later with a broken bone in my ankle. These injuries foiled my plans, but I\u2019m still satisfied that I didn&#8217;t give in to the pain. There is no other thing that brings such joy than the moment when we again and again beat our limits,\u2019 he summarized.<\/p>\n<p>During the final stage of the rally, Sonik fell into another navigation trap set by the organizer. \u2018I had to go back to pass a waypoint and I had to drive close to 30 additional kilometres. I reported the mistake in the roadbook to the organizers, but it couldn\u2019t have affected the final result.<\/p>\n<p>\u2018The time has now come to celebrate,\u2019 added Sonik, who won the World Cup trophy six times already. \u2018I\u2019d love to enjoy the first place and another \u2018gold\u2019 trophy in my collection, but standing on the podium after such a difficult, exhausting and painful season is enough of an award. Now it&#8217;s time to take some rest. In two weeks, we\u2019ll start getting ready for the Dakar Rally. This will be my tenth time there and the anniversary, 40th edition of the marathon. There can&#8217;t be a better time to fight for a Bedouin, can it?\u2019 concluded \u201cSuperSonik\u201d, who now has six gold and two silver medals in his collection.<\/p>\n<p><strong>Results of the fifth stage:<\/strong><\/p>\n<ol>\n<li>Kees Koolen (NLD) 02:16.14<\/li>\n<li>Bruno da Costa (FRA) +0.56<\/li>\n<li>Dmwitryi Shilov (RUS) +5.13<\/li>\n<li>Rafa\u0142 Sonik (POL) +6.17<\/li>\n<li>Alexander Maksimov (RUS) +6.43<\/li>\n<\/ol>\n<p><strong>General classification<\/strong>:<\/p>\n<p>1. Kees Koolen (NLD) 12:30.42<br \/>\n2. Bruno da Costa (FRA) +3.46<br \/>\n3. Rafa\u0142 Sonik (POL) +12.45<br \/>\n4. Sebastien Souday (FRA) +27.09<br \/>\n5. Alexis Hernandez (PER) +50.50<\/p>\n<p><strong>Final World Cup Classification:<\/strong><br \/>\n1. Kees Koolen (NLD) 109<br \/>\n2. Rafa\u0142 Sonik (POL) 92<br \/>\n3. Hernandez (PER) 84<br \/>\n4. Rodolfo Guillioli (GUA) 47<br \/>\n5. Ignacio Casale (CHL) 28<\/p>\n","protected":false},"excerpt":{"rendered":"<p>On the last day of the OiLibya Rally, Rafa\u0142 Sonik jumped onto the third step on the podium and as such, sealed his \u201csilver\u201d result in this year\u2019s World Cup series. \u2018Sure, as any other ambitious sportsman, I was aiming for the gold medal and the seventh trophy in my career, but as I look [&hellip;]<\/p>\n","protected":false},"author":2,"featured_media":0,"comment_status":"closed","ping_status":"closed","sticky":false,"template":"","format":"standard","meta":{"_links_to":"","_links_to_target":""},"categories":[3],"tags":[43,41],"acf":[],"yoast_head":"<!-- This site is optimized with the Yoast SEO plugin v19.14 - https:\/\/yoast.com\/wordpress\/plugins\/seo\/ -->\n<title>Rafa\u0142 Sonik on the podium of the World Cup series for the eighth time - Rafa\u0142 Sonik<\/title>\n<meta name=\"robots\" content=\"index, follow, max-snippet:-1, max-image-preview:large, max-video-preview:-1\" \/>\n<link rel=\"canonical\" href=\"https:\/\/rafalsonik.pl\/en\/rally\/rafal-sonik-podium-world-cup-series-eighth-time\/\" \/>\n<meta property=\"og:locale\" content=\"en_US\" \/>\n<meta property=\"og:type\" content=\"article\" \/>\n<meta property=\"og:title\" content=\"Rafa\u0142 Sonik on the podium of the World Cup series for the eighth time - Rafa\u0142 Sonik\" \/>\n<meta property=\"og:description\" content=\"On the last day of the OiLibya Rally, Rafa\u0142 Sonik jumped onto the third step on the podium and as such, sealed his \u201csilver\u201d result in this year\u2019s World Cup series. \u2018Sure, as any other ambitious sportsman, I was aiming for the gold medal and the seventh trophy in my career, but as I look [&hellip;]\" \/>\n<meta property=\"og:url\" content=\"https:\/\/rafalsonik.pl\/en\/rally\/rafal-sonik-podium-world-cup-series-eighth-time\/\" \/>\n<meta property=\"og:site_name\" content=\"Rafa\u0142 Sonik\" \/>\n<meta property=\"article:published_time\" content=\"2017-10-10T09:41:48+00:00\" \/>\n<meta property=\"article:modified_time\" content=\"2017-10-18T09:43:25+00:00\" \/>\n<meta name=\"author\" content=\"Karolina Zawojska\" \/>\n<meta name=\"twitter:card\" content=\"summary_large_image\" \/>\n<meta name=\"twitter:label1\" content=\"Written by\" \/>\n\t<meta name=\"twitter:data1\" content=\"Karolina Zawojska\" \/>\n\t<meta name=\"twitter:label2\" content=\"Est. reading time\" \/>\n\t<meta name=\"twitter:data2\" content=\"3 minutes\" \/>\n<script type=\"application\/ld+json\" class=\"yoast-schema-graph\">{\"@context\":\"https:\/\/schema.org\",\"@graph\":[{\"@type\":\"WebPage\",\"@id\":\"https:\/\/rafalsonik.pl\/en\/rally\/rafal-sonik-podium-world-cup-series-eighth-time\/\",\"url\":\"https:\/\/rafalsonik.pl\/en\/rally\/rafal-sonik-podium-world-cup-series-eighth-time\/\",\"name\":\"Rafa\u0142 Sonik on the podium of the World Cup series for the eighth time - Rafa\u0142 Sonik\",\"isPartOf\":{\"@id\":\"https:\/\/rafalsonik.pl\/#website\"},\"datePublished\":\"2017-10-10T09:41:48+00:00\",\"dateModified\":\"2017-10-18T09:43:25+00:00\",\"author\":{\"@id\":\"https:\/\/rafalsonik.pl\/#\/schema\/person\/81c95173cde75b6d2430e581e54a01c2\"},\"breadcrumb\":{\"@id\":\"https:\/\/rafalsonik.pl\/en\/rally\/rafal-sonik-podium-world-cup-series-eighth-time\/#breadcrumb\"},\"inLanguage\":\"en-US\",\"potentialAction\":[{\"@type\":\"ReadAction\",\"target\":[\"https:\/\/rafalsonik.pl\/en\/rally\/rafal-sonik-podium-world-cup-series-eighth-time\/\"]}]},{\"@type\":\"BreadcrumbList\",\"@id\":\"https:\/\/rafalsonik.pl\/en\/rally\/rafal-sonik-podium-world-cup-series-eighth-time\/#breadcrumb\",\"itemListElement\":[{\"@type\":\"ListItem\",\"position\":1,\"name\":\"Home\",\"item\":\"https:\/\/rafalsonik.pl\/en\/\"},{\"@type\":\"ListItem\",\"position\":2,\"name\":\"Rafa\u0142 Sonik on the podium of the World Cup series for the eighth time\"}]},{\"@type\":\"WebSite\",\"@id\":\"https:\/\/rafalsonik.pl\/#website\",\"url\":\"https:\/\/rafalsonik.pl\/\",\"name\":\"Rafa\u0142 Sonik\",\"description\":\"Rafa\u0142 Sonik - Sportowiec\",\"potentialAction\":[{\"@type\":\"SearchAction\",\"target\":{\"@type\":\"EntryPoint\",\"urlTemplate\":\"https:\/\/rafalsonik.pl\/?s={search_term_string}\"},\"query-input\":\"required name=search_term_string\"}],\"inLanguage\":\"en-US\"},{\"@type\":\"Person\",\"@id\":\"https:\/\/rafalsonik.pl\/#\/schema\/person\/81c95173cde75b6d2430e581e54a01c2\",\"name\":\"Karolina Zawojska\",\"url\":\"https:\/\/rafalsonik.pl\/en\/author\/karolina\/\"}]}<\/script>\n<!-- \/ Yoast SEO plugin. -->","yoast_head_json":{"title":"Rafa\u0142 Sonik on the podium of the World Cup series for the eighth time - Rafa\u0142 Sonik","robots":{"index":"index","follow":"follow","max-snippet":"max-snippet:-1","max-image-preview":"max-image-preview:large","max-video-preview":"max-video-preview:-1"},"canonical":"https:\/\/rafalsonik.pl\/en\/rally\/rafal-sonik-podium-world-cup-series-eighth-time\/","og_locale":"en_US","og_type":"article","og_title":"Rafa\u0142 Sonik on the podium of the World Cup series for the eighth time - Rafa\u0142 Sonik","og_description":"On the last day of the OiLibya Rally, Rafa\u0142 Sonik jumped onto the third step on the podium and as such, sealed his \u201csilver\u201d result in this year\u2019s World Cup series. \u2018Sure, as any other ambitious sportsman, I was aiming for the gold medal and the seventh trophy in my career, but as I look [&hellip;]","og_url":"https:\/\/rafalsonik.pl\/en\/rally\/rafal-sonik-podium-world-cup-series-eighth-time\/","og_site_name":"Rafa\u0142 Sonik","article_published_time":"2017-10-10T09:41:48+00:00","article_modified_time":"2017-10-18T09:43:25+00:00","author":"Karolina Zawojska","twitter_card":"summary_large_image","twitter_misc":{"Written by":"Karolina Zawojska","Est. reading time":"3 minutes"},"schema":{"@context":"https:\/\/schema.org","@graph":[{"@type":"WebPage","@id":"https:\/\/rafalsonik.pl\/en\/rally\/rafal-sonik-podium-world-cup-series-eighth-time\/","url":"https:\/\/rafalsonik.pl\/en\/rally\/rafal-sonik-podium-world-cup-series-eighth-time\/","name":"Rafa\u0142 Sonik on the podium of the World Cup series for the eighth time - Rafa\u0142 Sonik","isPartOf":{"@id":"https:\/\/rafalsonik.pl\/#website"},"datePublished":"2017-10-10T09:41:48+00:00","dateModified":"2017-10-18T09:43:25+00:00","author":{"@id":"https:\/\/rafalsonik.pl\/#\/schema\/person\/81c95173cde75b6d2430e581e54a01c2"},"breadcrumb":{"@id":"https:\/\/rafalsonik.pl\/en\/rally\/rafal-sonik-podium-world-cup-series-eighth-time\/#breadcrumb"},"inLanguage":"en-US","potentialAction":[{"@type":"ReadAction","target":["https:\/\/rafalsonik.pl\/en\/rally\/rafal-sonik-podium-world-cup-series-eighth-time\/"]}]},{"@type":"BreadcrumbList","@id":"https:\/\/rafalsonik.pl\/en\/rally\/rafal-sonik-podium-world-cup-series-eighth-time\/#breadcrumb","itemListElement":[{"@type":"ListItem","position":1,"name":"Home","item":"https:\/\/rafalsonik.pl\/en\/"},{"@type":"ListItem","position":2,"name":"Rafa\u0142 Sonik on the podium of the World Cup series for the eighth time"}]},{"@type":"WebSite","@id":"https:\/\/rafalsonik.pl\/#website","url":"https:\/\/rafalsonik.pl\/","name":"Rafa\u0142 Sonik","description":"Rafa\u0142 Sonik - Sportowiec","potentialAction":[{"@type":"SearchAction","target":{"@type":"EntryPoint","urlTemplate":"https:\/\/rafalsonik.pl\/?s={search_term_string}"},"query-input":"required name=search_term_string"}],"inLanguage":"en-US"},{"@type":"Person","@id":"https:\/\/rafalsonik.pl\/#\/schema\/person\/81c95173cde75b6d2430e581e54a01c2","name":"Karolina Zawojska","url":"https:\/\/rafalsonik.pl\/en\/author\/karolina\/"}]}},"_links":{"self":[{"href":"https:\/\/rafalsonik.pl\/en\/wp-json\/wp\/v2\/posts\/4891"}],"collection":[{"href":"https:\/\/rafalsonik.pl\/en\/wp-json\/wp\/v2\/posts"}],"about":[{"href":"https:\/\/rafalsonik.pl\/en\/wp-json\/wp\/v2\/types\/post"}],"author":[{"embeddable":true,"href":"https:\/\/rafalsonik.pl\/en\/wp-json\/wp\/v2\/users\/2"}],"replies":[{"embeddable":true,"href":"https:\/\/rafalsonik.pl\/en\/wp-json\/wp\/v2\/comments?post=4891"}],"version-history":[{"count":1,"href":"https:\/\/rafalsonik.pl\/en\/wp-json\/wp\/v2\/posts\/4891\/revisions"}],"predecessor-version":[{"id":4892,"href":"https:\/\/rafalsonik.pl\/en\/wp-json\/wp\/v2\/posts\/4891\/revisions\/4892"}],"wp:attachment":[{"href":"https:\/\/rafalsonik.pl\/en\/wp-json\/wp\/v2\/media?parent=4891"}],"wp:term":[{"taxonomy":"category","embeddable":true,"href":"https:\/\/rafalsonik.pl\/en\/wp-json\/wp\/v2\/categories?post=4891"},{"taxonomy":"post_tag","embeddable":true,"href":"https:\/\/rafalsonik.pl\/en\/wp-json\/wp\/v2\/tags?post=4891"}],"curies":[{"name":"wp","href":"https:\/\/api.w.org\/{rel}","templated":true}]}}